{"id":1971,"date":"2024-01-03T18:50:26","date_gmt":"2024-01-03T17:50:26","guid":{"rendered":"https:\/\/abeille34.org\/?p=1971"},"modified":"2024-01-03T19:22:44","modified_gmt":"2024-01-03T18:22:44","slug":"rucher-ecole-dagde-2","status":"publish","type":"post","link":"https:\/\/abeille34.org\/index.php\/2024\/01\/03\/rucher-ecole-dagde-2\/","title":{"rendered":"Rucher \u00e9cole d&rsquo;Agde"},"content":{"rendered":"\n<p class=\"has-text-align-center has-large-font-size\"><strong>Formation initiale 2024<br>Il reste quelques places !<\/strong><\/p>\n\n\n\n<p>D\u00e9marrage samedi 3 f\u00e9vrier 2024 \u00e0 14h<br>Une s\u00e9ance (4h) toutes les deux semaines jusqu\u2019\u00e0 fin octobre avec une pause en juillet \/ ao\u00fbt<br>Co\u00fbt annuel : 300\u20ac pour 16 s\u00e9ances<br>Une <span style=\"text-decoration: underline;\">\u00e9quipe d\u2019apiculteurs-formateurs<\/span> aux profils vari\u00e9s<br>Des <span style=\"text-decoration: underline;\">apports th\u00e9oriques<\/span> complets et incontournables<br>Un <span style=\"text-decoration: underline;\">rucher de 20 colonies<\/span> environ pour pratiquer r\u00e9guli\u00e8rement avec accompagnement<br>Une salle de cours, des supports informatiques, un petit atelier<br>Acc\u00e8s \u00e0 la miellerie collective de l\u2019Abeille H\u00e9raultaise<br>Des \u00e9changes informels, trucs et astuces et de la bonne humeur !<\/p>\n\n\n\n<p><br><strong>Contenus :<\/strong><\/p>\n\n\n\n<blockquote class=\"wp-block-quote is-layout-flow wp-block-quote-is-layout-flow\">\n<div class=\"wp-block-columns is-layout-flex wp-container-core-columns-is-layout-2 wp-block-columns-is-layout-flex\">\n<div class=\"wp-block-column is-layout-flow wp-block-column-is-layout-flow\" style=\"flex-basis:100%\">\n<div class=\"wp-block-columns is-layout-flex wp-container-core-columns-is-layout-1 wp-block-columns-is-layout-flex\">\n<div class=\"wp-block-column is-layout-flow wp-block-column-is-layout-flow\" style=\"flex-basis:100%\">\n<ul class=\"wp-block-list\">\n<li>R\u00e9glementation apicole et mat\u00e9riel<\/li>\n\n\n\n<li>Biologie de la colonie<\/li>\n\n\n\n<li>Travaux \u00e0 r\u00e9aliser tout au long de la saison<\/li>\n\n\n\n<li>Bases de l\u2019\u00e9levage : Essaimage naturel et artificiel<\/li>\n\n\n\n<li>Sanitaire : pathologies, prophylaxie, strat\u00e9gies de lutte contre varroa<\/li>\n\n\n\n<li>Acteurs de la fili\u00e8re<\/li>\n\n\n\n<li>Produits de la ruche, r\u00e9coltes<\/li>\n\n\n\n<li>Flore mellif\u00e8re locale<br>Objectifs : d\u00e9marrer en apiculture avec les bases techniques pour prendre du plaisir, en s\u00e9curit\u00e9,<br>garder vos ruches et construire votre r\u00e9seau apicole local<\/li>\n<\/ul>\n<\/div>\n<\/div>\n<\/div>\n<\/div>\n<\/blockquote>\n\n\n\n<p class=\"has-text-align-center has-large-font-size\"><strong>Contact<\/strong> : Ren\u00e9 Fourmaux<br>reah.agde@gmail.com<br>06 75 01 45 74<\/p>\n","protected":false},"excerpt":{"rendered":"<p>Formation initiale 2024Il reste quelques places ! D\u00e9marrage samedi 3 f\u00e9vrier 2024 \u00e0 14hUne s\u00e9ance (4h) toutes les deux semaines jusqu\u2019\u00e0 fin octobre avec une pause en juillet \/ ao\u00fbtCo\u00fbt annuel : 300\u20ac pour 16 s\u00e9ancesUne \u00e9quipe d\u2019apiculteurs-formateurs aux profils <a class=\"more-link\" href=\"https:\/\/abeille34.org\/index.php\/2024\/01\/03\/rucher-ecole-dagde-2\/\">Continuer la lecture <span class=\"screen-reader-text\">  Rucher \u00e9cole d&rsquo;Agde<\/span><span class=\"meta-nav\">&rarr;<\/span><\/a><\/p>\n","protected":false},"author":1,"featured_media":0,"comment_status":"open","ping_status":"open","sticky":false,"template":"","format":"standard","meta":{"_acf_changed":false,"footnotes":""},"categories":[4],"tags":[],"class_list":["post-1971","post","type-post","status-publish","format-standard","hentry","category-ruchers-ecole"],"acf":[],"_links":{"self":[{"href":"https:\/\/abeille34.org\/index.php\/wp-json\/wp\/v2\/posts\/1971","targetHints":{"allow":["GET"]}}],"collection":[{"href":"https:\/\/abeille34.org\/index.php\/wp-json\/wp\/v2\/posts"}],"about":[{"href":"https:\/\/abeille34.org\/index.php\/wp-json\/wp\/v2\/types\/post"}],"author":[{"embeddable":true,"href":"https:\/\/abeille34.org\/index.php\/wp-json\/wp\/v2\/users\/1"}],"replies":[{"embeddable":true,"href":"https:\/\/abeille34.org\/index.php\/wp-json\/wp\/v2\/comments?post=1971"}],"version-history":[{"count":5,"href":"https:\/\/abeille34.org\/index.php\/wp-json\/wp\/v2\/posts\/1971\/revisions"}],"predecessor-version":[{"id":1981,"href":"https:\/\/abeille34.org\/index.php\/wp-json\/wp\/v2\/posts\/1971\/revisions\/1981"}],"wp:attachment":[{"href":"https:\/\/abeille34.org\/index.php\/wp-json\/wp\/v2\/media?parent=1971"}],"wp:term":[{"taxonomy":"category","embeddable":true,"href":"https:\/\/abeille34.org\/index.php\/wp-json\/wp\/v2\/categories?post=1971"},{"taxonomy":"post_tag","embeddable":true,"href":"https:\/\/abeille34.org\/index.php\/wp-json\/wp\/v2\/tags?post=1971"}],"curies":[{"name":"wp","href":"https:\/\/api.w.org\/{rel}","templated":true}]}}