{"id":2534,"date":"2025-03-05T14:12:30","date_gmt":"2025-03-05T13:12:30","guid":{"rendered":"https:\/\/abeille34.org\/?p=2534"},"modified":"2025-03-05T16:30:32","modified_gmt":"2025-03-05T15:30:32","slug":"demi-journee-confection-dune-harpe-electrique","status":"publish","type":"post","link":"https:\/\/abeille34.org\/index.php\/2025\/03\/05\/demi-journee-confection-dune-harpe-electrique\/","title":{"rendered":"Demie journ\u00e9e confection d&rsquo;une harpe \u00e9lectrique"},"content":{"rendered":"\n<p>Le 29 mars de 8h30 \u00e0 12h l&rsquo;Abeille H\u00e9raultaise propose une demie journ\u00e9e de confection d&rsquo;une harpe \u00e9lectrique. Cela se passera au rucher \u00e9cole de S\u00e9rignan.<\/p>\n\n\n\n<p>Une participation pour l&rsquo;achat du mat\u00e9riel, de l&rsquo;ordre de 20 euros sera demand\u00e9e \u00e0 chaque participant. (cette sommes vous sera confirm\u00e9e \u00e0 l&rsquo;inscription). Cette participation comprendra un tr\u00e9teaux, les modules \u00e9lectriques, les \u00e9l\u00e9ments qui tiennent les fils en PVC r\u00e9alis\u00e9s \u00e0 l&rsquo;imprimante 3D , fil inox.<\/p>\n\n\n\n<p>Chaque participant emportera la harpe confectionn\u00e9e lors de l&rsquo;atelier.<\/p>\n\n\n\n<p>Nombre de participants limit\u00e9 \u00e0 20 personnes.<\/p>\n\n\n\n<p>Inscription et contact: Dominique Demetrey &#8211; mail : menetreydominique@gmail.com &#8211; T\u00e9l\u00e9phone: 0664232078<\/p>\n\n\n\n<p><\/p>\n","protected":false},"excerpt":{"rendered":"<p>Le 29 mars de 8h30 \u00e0 12h l&rsquo;Abeille H\u00e9raultaise propose une demie journ\u00e9e de confection d&rsquo;une harpe \u00e9lectrique. Cela se passera au rucher \u00e9cole de S\u00e9rignan. Une participation pour l&rsquo;achat du mat\u00e9riel, de l&rsquo;ordre de 20 euros sera demand\u00e9e \u00e0 <a class=\"more-link\" href=\"https:\/\/abeille34.org\/index.php\/2025\/03\/05\/demi-journee-confection-dune-harpe-electrique\/\">Continuer la lecture <span class=\"screen-reader-text\">  Demie journ\u00e9e confection d&rsquo;une harpe \u00e9lectrique<\/span><span class=\"meta-nav\">&rarr;<\/span><\/a><\/p>\n","protected":false},"author":7,"featured_media":0,"comment_status":"open","ping_status":"open","sticky":false,"template":"","format":"standard","meta":{"_acf_changed":false,"footnotes":""},"categories":[5],"tags":[],"class_list":["post-2534","post","type-post","status-publish","format-standard","hentry","category-le-syndicat"],"acf":[],"_links":{"self":[{"href":"https:\/\/abeille34.org\/index.php\/wp-json\/wp\/v2\/posts\/2534","targetHints":{"allow":["GET"]}}],"collection":[{"href":"https:\/\/abeille34.org\/index.php\/wp-json\/wp\/v2\/posts"}],"about":[{"href":"https:\/\/abeille34.org\/index.php\/wp-json\/wp\/v2\/types\/post"}],"author":[{"embeddable":true,"href":"https:\/\/abeille34.org\/index.php\/wp-json\/wp\/v2\/users\/7"}],"replies":[{"embeddable":true,"href":"https:\/\/abeille34.org\/index.php\/wp-json\/wp\/v2\/comments?post=2534"}],"version-history":[{"count":3,"href":"https:\/\/abeille34.org\/index.php\/wp-json\/wp\/v2\/posts\/2534\/revisions"}],"predecessor-version":[{"id":2537,"href":"https:\/\/abeille34.org\/index.php\/wp-json\/wp\/v2\/posts\/2534\/revisions\/2537"}],"wp:attachment":[{"href":"https:\/\/abeille34.org\/index.php\/wp-json\/wp\/v2\/media?parent=2534"}],"wp:term":[{"taxonomy":"category","embeddable":true,"href":"https:\/\/abeille34.org\/index.php\/wp-json\/wp\/v2\/categories?post=2534"},{"taxonomy":"post_tag","embeddable":true,"href":"https:\/\/abeille34.org\/index.php\/wp-json\/wp\/v2\/tags?post=2534"}],"curies":[{"name":"wp","href":"https:\/\/api.w.org\/{rel}","templated":true}]}}